{"id":1639,"date":"2022-02-02T10:49:00","date_gmt":"2022-02-02T08:49:00","guid":{"rendered":"https:\/\/www.armengolfreixes.com\/la-rigidesa-dels-limits-temporals-en-laplicacio-de-lacumulacio-de-penes-la-principal-caracterisitica-dels-ultims-pronunciaments-del-tribunal-suprem\/"},"modified":"2022-02-02T10:55:02","modified_gmt":"2022-02-02T08:55:02","slug":"la-rigidez-de-los-limites-temporales-en-la-aplicacion-de-la-acumulacion-de-penas-la-principal-caracterisitica-en-los-ultimos-pronunciamentos-del-tribunal-supremo","status":"publish","type":"post","link":"https:\/\/www.armengolfreixes.com\/es\/la-rigidez-de-los-limites-temporales-en-la-aplicacion-de-la-acumulacion-de-penas-la-principal-caracterisitica-en-los-ultimos-pronunciamentos-del-tribunal-supremo\/","title":{"rendered":"La rigidez de los l\u00edmites temporales en la aplicaci\u00f3n de la acumulaci\u00f3n de penas, la principal caracter\u00edsitica en los \u00faltimos pronunciamientos del Tribunal Supremo"},"content":{"rendered":"<p>Dos de las \u00faltimas sentencias de la Sala Segunda del Tribunal Supremo, las n\u00famero 7\/2022 y 15\/2022, se pronuncian en el mismo sentido declarando la <strong>irrenunciabilidad del l\u00edmite temporal que acota la posibilidad de la acumulaci\u00f3n de penas<\/strong>.<\/p>\n<p>Los pronunciamientos indican que solamente podr\u00e1n ser acumuladas las penas impuestas por delitos enjuiciados en procesos diferentes cuando \u00e9stos hubieran sido cometidos con anterioridad al momento que recaiga la sentencia de los primeros hechos enjuiciados, y siempre que los acontecimientos delictivos hubiesen podido ser procesados de manera conjunta por motivos cronol\u00f3gicos. Las dos sentencias recopilan jurisprudencia anterior de la Sala, as\u00ed como sus \u00faltimos acuerdos no jurisdiccionales, con el objetivo de subrayar que solamente podr\u00e1n acumularse las condenas de los hechos no sentenciados en el momento de la comisi\u00f3n de los delitos cuyas penas se pretenden acumular. La persona condenada, en este supuesto, se ver\u00e1 beneficiada por los l\u00edmites temporales que establece el art\u00edculo 76 del C\u00f3digo Penal, previsto para corregir los excesos de cumplimiento de las penas y respetar de esta manera los mandatos constitucionales de reinserci\u00f3n y proporcionalidad.<\/p>\n<p>En el supuesto de que no existieran estos l\u00edmites, se llegar\u00eda a constituir lo que el Tribunal Supremo denomina <strong>\u00abpatrimonio punitivo\u00bb<\/strong>: si no hubiese limitaci\u00f3n temporal, la persona podr\u00eda cometer nuevos delitos sin que la pena asociada tuviese un impacto real. En este sentido, la Sala Segunda remarca en estas dos nuevas sentencias la necesidad de preservar la eficacia disuasoria de la pena como elemento esencial para la interpretaci\u00f3n de los art\u00edculos 76 del CP y 988 de la LECrim.<\/p>\n<p>Por \u00faltimo, la STS 15\/2022 apunta que, respecto a la resoluci\u00f3n del juzgado de lo penal correspondiente sobre acumulaci\u00f3n de penas, puede interponerse casaci\u00f3n directa y seg\u00fan el r\u00e9gimen ordinario de la casaci\u00f3n, previa reforma operada por la LO 14\/2015.<\/p>\n","protected":false},"excerpt":{"rendered":"<p>Dos de las \u00faltimas sentencias de la Sala Segunda del Tribunal Supremo, las n\u00famero 7\/2022 y 15\/2022, se pronuncian en el mismo sentido declarando la irrenunciabilidad del l\u00edmite temporal que acota la posibilidad de la acumulaci\u00f3n de penas. Los pronunciamientos&hellip;<\/p>\n","protected":false},"author":1,"featured_media":0,"comment_status":"closed","ping_status":"open","sticky":false,"template":"","format":"standard","meta":[],"categories":[5],"tags":[],"yoast_head":"<!-- This site is optimized with the Yoast SEO plugin v19.14 - https:\/\/yoast.com\/wordpress\/plugins\/seo\/ -->\n<title>La rigidez de los l\u00edmites temporales en la aplicaci\u00f3n de la acumulaci\u00f3n de penas<\/title>\n<meta name=\"description\" content=\"La rigidez de los l\u00edmites temporales en la aplicaci\u00f3n de la acumulaci\u00f3n de penas, la principal caracter\u00edsitica en los \u00faltimos pronunciamientos del Tribunal Supremo.\" \/>\n<meta name=\"robots\" content=\"index, follow, max-snippet:-1, max-image-preview:large, max-video-preview:-1\" \/>\n<link rel=\"canonical\" href=\"https:\/\/www.armengolfreixes.com\/es\/la-rigidez-de-los-limites-temporales-en-la-aplicacion-de-la-acumulacion-de-penas-la-principal-caracterisitica-en-los-ultimos-pronunciamentos-del-tribunal-supremo\/\" \/>\n<meta property=\"og:locale\" content=\"es_ES\" \/>\n<meta property=\"og:type\" content=\"article\" \/>\n<meta property=\"og:title\" content=\"La rigidez de los l\u00edmites temporales en la aplicaci\u00f3n de la acumulaci\u00f3n de penas\" \/>\n<meta property=\"og:description\" content=\"La rigidez de los l\u00edmites temporales en la aplicaci\u00f3n de la acumulaci\u00f3n de penas, la principal caracter\u00edsitica en los \u00faltimos pronunciamientos del Tribunal Supremo.\" \/>\n<meta property=\"og:url\" content=\"https:\/\/www.armengolfreixes.com\/es\/la-rigidez-de-los-limites-temporales-en-la-aplicacion-de-la-acumulacion-de-penas-la-principal-caracterisitica-en-los-ultimos-pronunciamentos-del-tribunal-supremo\/\" \/>\n<meta property=\"og:site_name\" content=\"Berta Armengol Freixes\" \/>\n<meta property=\"article:published_time\" content=\"2022-02-02T08:49:00+00:00\" \/>\n<meta property=\"article:modified_time\" content=\"2022-02-02T08:55:02+00:00\" \/>\n<meta name=\"author\" content=\"admin\" \/>\n<meta name=\"twitter:card\" content=\"summary_large_image\" \/>\n<meta name=\"twitter:label1\" content=\"Escrito por\" \/>\n\t<meta name=\"twitter:data1\" content=\"admin\" \/>\n\t<meta name=\"twitter:label2\" content=\"Tiempo de lectura\" \/>\n\t<meta name=\"twitter:data2\" content=\"2 minutos\" \/>\n<script type=\"application\/ld+json\" class=\"yoast-schema-graph\">{\"@context\":\"https:\/\/schema.org\",\"@graph\":[{\"@type\":\"Article\",\"@id\":\"https:\/\/www.armengolfreixes.com\/es\/la-rigidez-de-los-limites-temporales-en-la-aplicacion-de-la-acumulacion-de-penas-la-principal-caracterisitica-en-los-ultimos-pronunciamentos-del-tribunal-supremo\/#article\",\"isPartOf\":{\"@id\":\"https:\/\/www.armengolfreixes.com\/es\/la-rigidez-de-los-limites-temporales-en-la-aplicacion-de-la-acumulacion-de-penas-la-principal-caracterisitica-en-los-ultimos-pronunciamentos-del-tribunal-supremo\/\"},\"author\":{\"name\":\"admin\",\"@id\":\"https:\/\/www.armengolfreixes.com\/es\/#\/schema\/person\/ee23ccda1ee6ffe8ccfe45945c439476\"},\"headline\":\"La rigidez de los l\u00edmites temporales en la aplicaci\u00f3n de la acumulaci\u00f3n de penas, la principal caracter\u00edsitica en los \u00faltimos pronunciamientos del Tribunal Supremo\",\"datePublished\":\"2022-02-02T08:49:00+00:00\",\"dateModified\":\"2022-02-02T08:55:02+00:00\",\"mainEntityOfPage\":{\"@id\":\"https:\/\/www.armengolfreixes.com\/es\/la-rigidez-de-los-limites-temporales-en-la-aplicacion-de-la-acumulacion-de-penas-la-principal-caracterisitica-en-los-ultimos-pronunciamentos-del-tribunal-supremo\/\"},\"wordCount\":342,\"publisher\":{\"@id\":\"https:\/\/www.armengolfreixes.com\/es\/#organization\"},\"articleSection\":[\"Sin categorizar\"],\"inLanguage\":\"es\"},{\"@type\":\"WebPage\",\"@id\":\"https:\/\/www.armengolfreixes.com\/es\/la-rigidez-de-los-limites-temporales-en-la-aplicacion-de-la-acumulacion-de-penas-la-principal-caracterisitica-en-los-ultimos-pronunciamentos-del-tribunal-supremo\/\",\"url\":\"https:\/\/www.armengolfreixes.com\/es\/la-rigidez-de-los-limites-temporales-en-la-aplicacion-de-la-acumulacion-de-penas-la-principal-caracterisitica-en-los-ultimos-pronunciamentos-del-tribunal-supremo\/\",\"name\":\"La rigidez de los l\u00edmites temporales en la aplicaci\u00f3n de la acumulaci\u00f3n de penas\",\"isPartOf\":{\"@id\":\"https:\/\/www.armengolfreixes.com\/es\/#website\"},\"datePublished\":\"2022-02-02T08:49:00+00:00\",\"dateModified\":\"2022-02-02T08:55:02+00:00\",\"description\":\"La rigidez de los l\u00edmites temporales en la aplicaci\u00f3n de la acumulaci\u00f3n de penas, la principal caracter\u00edsitica en los \u00faltimos pronunciamientos del Tribunal Supremo.\",\"breadcrumb\":{\"@id\":\"https:\/\/www.armengolfreixes.com\/es\/la-rigidez-de-los-limites-temporales-en-la-aplicacion-de-la-acumulacion-de-penas-la-principal-caracterisitica-en-los-ultimos-pronunciamentos-del-tribunal-supremo\/#breadcrumb\"},\"inLanguage\":\"es\",\"potentialAction\":[{\"@type\":\"ReadAction\",\"target\":[\"https:\/\/www.armengolfreixes.com\/es\/la-rigidez-de-los-limites-temporales-en-la-aplicacion-de-la-acumulacion-de-penas-la-principal-caracterisitica-en-los-ultimos-pronunciamentos-del-tribunal-supremo\/\"]}]},{\"@type\":\"BreadcrumbList\",\"@id\":\"https:\/\/www.armengolfreixes.com\/es\/la-rigidez-de-los-limites-temporales-en-la-aplicacion-de-la-acumulacion-de-penas-la-principal-caracterisitica-en-los-ultimos-pronunciamentos-del-tribunal-supremo\/#breadcrumb\",\"itemListElement\":[{\"@type\":\"ListItem\",\"position\":1,\"name\":\"Inici\",\"item\":\"https:\/\/www.armengolfreixes.com\/es\/\"},{\"@type\":\"ListItem\",\"position\":2,\"name\":\"La rigidez de los l\u00edmites temporales en la aplicaci\u00f3n de la acumulaci\u00f3n de penas, la principal caracter\u00edsitica en los \u00faltimos pronunciamientos del Tribunal Supremo\"}]},{\"@type\":\"WebSite\",\"@id\":\"https:\/\/www.armengolfreixes.com\/es\/#website\",\"url\":\"https:\/\/www.armengolfreixes.com\/es\/\",\"name\":\"Berta Armengol Freixes\",\"description\":\"Abogada penalista\",\"publisher\":{\"@id\":\"https:\/\/www.armengolfreixes.com\/es\/#organization\"},\"potentialAction\":[{\"@type\":\"SearchAction\",\"target\":{\"@type\":\"EntryPoint\",\"urlTemplate\":\"https:\/\/www.armengolfreixes.com\/es\/?s={search_term_string}\"},\"query-input\":\"required name=search_term_string\"}],\"inLanguage\":\"es\"},{\"@type\":\"Organization\",\"@id\":\"https:\/\/www.armengolfreixes.com\/es\/#organization\",\"name\":\"Berta Armengol Freixes - Advocada penalista\",\"url\":\"https:\/\/www.armengolfreixes.com\/es\/\",\"logo\":{\"@type\":\"ImageObject\",\"inLanguage\":\"es\",\"@id\":\"https:\/\/www.armengolfreixes.com\/es\/#\/schema\/logo\/image\/\",\"url\":\"https:\/\/www.armengolfreixes.com\/wp-content\/uploads\/2019\/06\/LOGO_AF_color.png\",\"contentUrl\":\"https:\/\/www.armengolfreixes.com\/wp-content\/uploads\/2019\/06\/LOGO_AF_color.png\",\"width\":500,\"height\":521,\"caption\":\"Berta Armengol Freixes - Advocada penalista\"},\"image\":{\"@id\":\"https:\/\/www.armengolfreixes.com\/es\/#\/schema\/logo\/image\/\"},\"sameAs\":[\"https:\/\/www.linkedin.com\/in\/berta-armengol-freixes\"]},{\"@type\":\"Person\",\"@id\":\"https:\/\/www.armengolfreixes.com\/es\/#\/schema\/person\/ee23ccda1ee6ffe8ccfe45945c439476\",\"name\":\"admin\",\"image\":{\"@type\":\"ImageObject\",\"inLanguage\":\"es\",\"@id\":\"https:\/\/www.armengolfreixes.com\/es\/#\/schema\/person\/image\/\",\"url\":\"https:\/\/secure.gravatar.com\/avatar\/818de8c9ea470a25e0acb1f8b1204bb4?s=96&d=mm&r=g\",\"contentUrl\":\"https:\/\/secure.gravatar.com\/avatar\/818de8c9ea470a25e0acb1f8b1204bb4?s=96&d=mm&r=g\",\"caption\":\"admin\"}}]}<\/script>\n<!-- \/ Yoast SEO plugin. -->","yoast_head_json":{"title":"La rigidez de los l\u00edmites temporales en la aplicaci\u00f3n de la acumulaci\u00f3n de penas","description":"La rigidez de los l\u00edmites temporales en la aplicaci\u00f3n de la acumulaci\u00f3n de penas, la principal caracter\u00edsitica en los \u00faltimos pronunciamientos del Tribunal Supremo.","robots":{"index":"index","follow":"follow","max-snippet":"max-snippet:-1","max-image-preview":"max-image-preview:large","max-video-preview":"max-video-preview:-1"},"canonical":"https:\/\/www.armengolfreixes.com\/es\/la-rigidez-de-los-limites-temporales-en-la-aplicacion-de-la-acumulacion-de-penas-la-principal-caracterisitica-en-los-ultimos-pronunciamentos-del-tribunal-supremo\/","og_locale":"es_ES","og_type":"article","og_title":"La rigidez de los l\u00edmites temporales en la aplicaci\u00f3n de la acumulaci\u00f3n de penas","og_description":"La rigidez de los l\u00edmites temporales en la aplicaci\u00f3n de la acumulaci\u00f3n de penas, la principal caracter\u00edsitica en los \u00faltimos pronunciamientos del Tribunal Supremo.","og_url":"https:\/\/www.armengolfreixes.com\/es\/la-rigidez-de-los-limites-temporales-en-la-aplicacion-de-la-acumulacion-de-penas-la-principal-caracterisitica-en-los-ultimos-pronunciamentos-del-tribunal-supremo\/","og_site_name":"Berta Armengol Freixes","article_published_time":"2022-02-02T08:49:00+00:00","article_modified_time":"2022-02-02T08:55:02+00:00","author":"admin","twitter_card":"summary_large_image","twitter_misc":{"Escrito por":"admin","Tiempo de lectura":"2 minutos"},"schema":{"@context":"https:\/\/schema.org","@graph":[{"@type":"Article","@id":"https:\/\/www.armengolfreixes.com\/es\/la-rigidez-de-los-limites-temporales-en-la-aplicacion-de-la-acumulacion-de-penas-la-principal-caracterisitica-en-los-ultimos-pronunciamentos-del-tribunal-supremo\/#article","isPartOf":{"@id":"https:\/\/www.armengolfreixes.com\/es\/la-rigidez-de-los-limites-temporales-en-la-aplicacion-de-la-acumulacion-de-penas-la-principal-caracterisitica-en-los-ultimos-pronunciamentos-del-tribunal-supremo\/"},"author":{"name":"admin","@id":"https:\/\/www.armengolfreixes.com\/es\/#\/schema\/person\/ee23ccda1ee6ffe8ccfe45945c439476"},"headline":"La rigidez de los l\u00edmites temporales en la aplicaci\u00f3n de la acumulaci\u00f3n de penas, la principal caracter\u00edsitica en los \u00faltimos pronunciamientos del Tribunal Supremo","datePublished":"2022-02-02T08:49:00+00:00","dateModified":"2022-02-02T08:55:02+00:00","mainEntityOfPage":{"@id":"https:\/\/www.armengolfreixes.com\/es\/la-rigidez-de-los-limites-temporales-en-la-aplicacion-de-la-acumulacion-de-penas-la-principal-caracterisitica-en-los-ultimos-pronunciamentos-del-tribunal-supremo\/"},"wordCount":342,"publisher":{"@id":"https:\/\/www.armengolfreixes.com\/es\/#organization"},"articleSection":["Sin categorizar"],"inLanguage":"es"},{"@type":"WebPage","@id":"https:\/\/www.armengolfreixes.com\/es\/la-rigidez-de-los-limites-temporales-en-la-aplicacion-de-la-acumulacion-de-penas-la-principal-caracterisitica-en-los-ultimos-pronunciamentos-del-tribunal-supremo\/","url":"https:\/\/www.armengolfreixes.com\/es\/la-rigidez-de-los-limites-temporales-en-la-aplicacion-de-la-acumulacion-de-penas-la-principal-caracterisitica-en-los-ultimos-pronunciamentos-del-tribunal-supremo\/","name":"La rigidez de los l\u00edmites temporales en la aplicaci\u00f3n de la acumulaci\u00f3n de penas","isPartOf":{"@id":"https:\/\/www.armengolfreixes.com\/es\/#website"},"datePublished":"2022-02-02T08:49:00+00:00","dateModified":"2022-02-02T08:55:02+00:00","description":"La rigidez de los l\u00edmites temporales en la aplicaci\u00f3n de la acumulaci\u00f3n de penas, la principal caracter\u00edsitica en los \u00faltimos pronunciamientos del Tribunal Supremo.","breadcrumb":{"@id":"https:\/\/www.armengolfreixes.com\/es\/la-rigidez-de-los-limites-temporales-en-la-aplicacion-de-la-acumulacion-de-penas-la-principal-caracterisitica-en-los-ultimos-pronunciamentos-del-tribunal-supremo\/#breadcrumb"},"inLanguage":"es","potentialAction":[{"@type":"ReadAction","target":["https:\/\/www.armengolfreixes.com\/es\/la-rigidez-de-los-limites-temporales-en-la-aplicacion-de-la-acumulacion-de-penas-la-principal-caracterisitica-en-los-ultimos-pronunciamentos-del-tribunal-supremo\/"]}]},{"@type":"BreadcrumbList","@id":"https:\/\/www.armengolfreixes.com\/es\/la-rigidez-de-los-limites-temporales-en-la-aplicacion-de-la-acumulacion-de-penas-la-principal-caracterisitica-en-los-ultimos-pronunciamentos-del-tribunal-supremo\/#breadcrumb","itemListElement":[{"@type":"ListItem","position":1,"name":"Inici","item":"https:\/\/www.armengolfreixes.com\/es\/"},{"@type":"ListItem","position":2,"name":"La rigidez de los l\u00edmites temporales en la aplicaci\u00f3n de la acumulaci\u00f3n de penas, la principal caracter\u00edsitica en los \u00faltimos pronunciamientos del Tribunal Supremo"}]},{"@type":"WebSite","@id":"https:\/\/www.armengolfreixes.com\/es\/#website","url":"https:\/\/www.armengolfreixes.com\/es\/","name":"Berta Armengol Freixes","description":"Abogada penalista","publisher":{"@id":"https:\/\/www.armengolfreixes.com\/es\/#organization"},"potentialAction":[{"@type":"SearchAction","target":{"@type":"EntryPoint","urlTemplate":"https:\/\/www.armengolfreixes.com\/es\/?s={search_term_string}"},"query-input":"required name=search_term_string"}],"inLanguage":"es"},{"@type":"Organization","@id":"https:\/\/www.armengolfreixes.com\/es\/#organization","name":"Berta Armengol Freixes - Advocada penalista","url":"https:\/\/www.armengolfreixes.com\/es\/","logo":{"@type":"ImageObject","inLanguage":"es","@id":"https:\/\/www.armengolfreixes.com\/es\/#\/schema\/logo\/image\/","url":"https:\/\/www.armengolfreixes.com\/wp-content\/uploads\/2019\/06\/LOGO_AF_color.png","contentUrl":"https:\/\/www.armengolfreixes.com\/wp-content\/uploads\/2019\/06\/LOGO_AF_color.png","width":500,"height":521,"caption":"Berta Armengol Freixes - Advocada penalista"},"image":{"@id":"https:\/\/www.armengolfreixes.com\/es\/#\/schema\/logo\/image\/"},"sameAs":["https:\/\/www.linkedin.com\/in\/berta-armengol-freixes"]},{"@type":"Person","@id":"https:\/\/www.armengolfreixes.com\/es\/#\/schema\/person\/ee23ccda1ee6ffe8ccfe45945c439476","name":"admin","image":{"@type":"ImageObject","inLanguage":"es","@id":"https:\/\/www.armengolfreixes.com\/es\/#\/schema\/person\/image\/","url":"https:\/\/secure.gravatar.com\/avatar\/818de8c9ea470a25e0acb1f8b1204bb4?s=96&d=mm&r=g","contentUrl":"https:\/\/secure.gravatar.com\/avatar\/818de8c9ea470a25e0acb1f8b1204bb4?s=96&d=mm&r=g","caption":"admin"}}]}},"_links":{"self":[{"href":"https:\/\/www.armengolfreixes.com\/es\/wp-json\/wp\/v2\/posts\/1639"}],"collection":[{"href":"https:\/\/www.armengolfreixes.com\/es\/wp-json\/wp\/v2\/posts"}],"about":[{"href":"https:\/\/www.armengolfreixes.com\/es\/wp-json\/wp\/v2\/types\/post"}],"author":[{"embeddable":true,"href":"https:\/\/www.armengolfreixes.com\/es\/wp-json\/wp\/v2\/users\/1"}],"replies":[{"embeddable":true,"href":"https:\/\/www.armengolfreixes.com\/es\/wp-json\/wp\/v2\/comments?post=1639"}],"version-history":[{"count":2,"href":"https:\/\/www.armengolfreixes.com\/es\/wp-json\/wp\/v2\/posts\/1639\/revisions"}],"predecessor-version":[{"id":1640,"href":"https:\/\/www.armengolfreixes.com\/es\/wp-json\/wp\/v2\/posts\/1639\/revisions\/1640"}],"wp:attachment":[{"href":"https:\/\/www.armengolfreixes.com\/es\/wp-json\/wp\/v2\/media?parent=1639"}],"wp:term":[{"taxonomy":"category","embeddable":true,"href":"https:\/\/www.armengolfreixes.com\/es\/wp-json\/wp\/v2\/categories?post=1639"},{"taxonomy":"post_tag","embeddable":true,"href":"https:\/\/www.armengolfreixes.com\/es\/wp-json\/wp\/v2\/tags?post=1639"}],"curies":[{"name":"wp","href":"https:\/\/api.w.org\/{rel}","templated":true}]}}